{"id":3185,"date":"2026-01-19T11:20:40","date_gmt":"2026-01-19T09:20:40","guid":{"rendered":"https:\/\/kapitel.ee\/?p=3185"},"modified":"2026-01-20T11:23:19","modified_gmt":"2026-01-20T09:23:19","slug":"seb-rahastas-panorama-keskuse-laienemist-20-miljoni-euroga","status":"publish","type":"post","link":"https:\/\/kapitel.ee\/et\/seb-rahastas-panorama-keskuse-laienemist-20-miljoni-euroga\/","title":{"rendered":"SEB rahastas Panorama keskuse laienemist 20 miljoni euroga"},"content":{"rendered":"<p><span data-contrast=\"auto\">Kaubandus- ja vabaajakeskus <a href=\"https:\/\/kapitel.ee\/et\/kaubandus\/panorama-kaubanduskeskus\/\">Panorama<\/a> ning SEB Pank on s\u00f5lminud t\u00e4iendava viieaastase finantseerimislepingu summas 20 miljonit eurot. Vahendeid kasutatakse Panorama mitut arendusprojekti h\u00f5lmavate plaanide elluviimiseks .<\/span><span data-ccp-props=\"{}\">\u00a0<\/span><\/p>\n<p><span data-contrast=\"auto\">T\u00e4iendav finantseerimine v\u00f5imaldab j\u00e4tkata Panorama ja keskusega k\u00fclgnevate kinnistute arendamist ning suunata investeeringuid ka k\u00fclastajakogemuse parandamisse ja kaubanduskeskuse pidevasse uuendamisse. Lepingu j\u00f5ustumisel ulatub SEB kogurahastus Panorama projektides 75 miljoni euroni.<\/span><span data-ccp-props=\"{}\">\u00a0<\/span><\/p>\n<p><span data-contrast=\"auto\">\u201eSee finantseerimine v\u00f5imaldab meil t\u00e4ide viia\u00a0Panorama\u00a0ja \u00fcmbritseva piirkonna pikaajalised plaanid. Investeerime mitte ainult uute hoonete arendamisse, vaid ka kaubanduskeskuse pidevatesse uuendustesse ning k\u00fclastajakogemuse parandamisse. Meie eesm\u00e4rk on, et\u00a0Panorama\u00a0p\u00fcsiks elava ja pidevalt muutuva keskusena, mis loob v\u00e4\u00e4rtust nii k\u00fclastajatele kui ka \u00fcmbritsevale kogukonnale,\u201c \u00fctles Panorama tegevjuht\u00a0<\/span><b><span data-contrast=\"auto\">Birut\u0117\u00a0Kalanovait\u0117<\/span><\/b><span data-contrast=\"auto\">.<\/span><span data-ccp-props=\"{}\">\u00a0<\/span><\/p>\n<p><span data-contrast=\"auto\">Kaubanduskeskuse k\u00f5rvale on kavandatud kolm hoonet kogupinnaga ligikaudu 36 000 ruutmeetrit. Uutesse hoonetesse on planeeritud haridus- ja meditsiiniteenused, b\u00fcrood, \u00fc\u00fcrikorterid ning muud ettev\u00f5tted, mis loovad lisandv\u00e4\u00e4rtust nii kaubanduskeskuse k\u00fclastajatele kui ka Vilniuse\u00a0\u017dv\u0117rynase\u00a0piirkonna kogukonnale.<\/span><span data-ccp-props=\"{}\">\u00a0<\/span><\/p>\n<p><span data-contrast=\"auto\">SEB Panga \u00e4ripanganduse juhi\u00a0Tadas\u00a0Jonu\u0161auskase\u00a0s\u00f5nul tugines otsus anda t\u00e4iendavat finantseerimist\u00a0nii<\/span><span data-contrast=\"auto\">\u00a0<\/span><span data-contrast=\"auto\">Panorama\u00a0senistele tulemustele kui ka kogu piirkonna pikaajalisele arendusvisioonile, mis h\u00f5lmab kaubanduskeskuse uuendamise k\u00f5rval ka uute \u00e4rifunktsioonide loomist.<\/span><span data-ccp-props=\"{}\">\u00a0<\/span><\/p>\n<p><span data-contrast=\"auto\">\u201eOleme\u00a0Panorama\u00a0kaubanduskeskust rahastanud selle loomisest alates, sest n\u00e4eme selles edukat projekti, mis tugevdab Leedu jaekaubandussektorit. Parim n\u00e4itaja on tulemused \u2013 keskus on kinnistanud oma positsiooni turuliidrite seas ja seab j\u00e4rjest k\u00f5rgemaid standardeid ostukogemusele. K\u00fclastajate arv on p\u00fcsivalt suur ning turg tervikuna on juba mitu aastat stabiilselt kasvanud.\u00a0Panorama\u00a0on h\u00e4sti juhitud ja pidevalt uuendatav, et vastata t\u00e4nap\u00e4evaste tarbijate ootustele. Meie prioriteet on rahastada projekte, mis loovad pikaajalist v\u00e4\u00e4rtust, toetavad kestlikku kasvu ja tugevdavad majanduse eluj\u00f5ulisust,\u201c \u00fctles\u00a0Jonu\u0161auskas.<\/span><span data-ccp-props=\"{}\">\u00a0<\/span><\/p>\n<p><span data-contrast=\"auto\">Panorama on \u00fcks Vilniuse suurimaid kaubandus- ja vabaajakeskusi, kus l tegutseb \u00fcle 180 \u00fc\u00fcrniku. 2024. aastal valmis15 miljoni euro suurune kaubanduskeskuse rekonstrueerimis- ja renoveerimisprojekt ning 2025. aasta detsembris p\u00e4lvis hoone kestlike lahenduste eest BREEAM\u00a0In-Use\u00a0Excellent\u00a0sertifikaadi.<\/span><span data-ccp-props=\"{}\">\u00a0<\/span><\/p>\n","protected":false},"excerpt":{"rendered":"<p>Kaubandus- ja vabaajakeskus Panorama ning SEB Pank on s\u00f5lminud t\u00e4iendava viieaastase finantseerimislepingu summas 20 miljonit eurot. Vahendeid kasutatakse Panorama mitut arendusprojekti h\u00f5lmavate plaanide elluviimiseks .\u00a0 T\u00e4iendav finantseerimine v\u00f5imaldab j\u00e4tkata Panorama ja keskusega k\u00fclgnevate kinnistute arendamist ning suunata investeeringuid ka k\u00fclastajakogemuse parandamisse ja kaubanduskeskuse pidevasse uuendamisse. Lepingu j\u00f5ustumisel ulatub SEB kogurahastus Panorama projektides 75 miljoni euroni.\u00a0&hellip; <a class=\"more-link\" href=\"https:\/\/kapitel.ee\/et\/seb-rahastas-panorama-keskuse-laienemist-20-miljoni-euroga\/\">Continue reading <span class=\"screen-reader-text\">SEB rahastas Panorama keskuse laienemist 20 miljoni euroga<\/span><\/a><\/p>\n","protected":false},"author":3,"featured_media":0,"comment_status":"closed","ping_status":"closed","sticky":false,"template":"","format":"standard","meta":{"_acf_changed":false,"footnotes":""},"categories":[3],"tags":[],"class_list":["post-3185","post","type-post","status-publish","format-standard","hentry","category-uncategorized-et","entry"],"acf":[],"yoast_head":"<!-- This site is optimized with the Yoast SEO plugin v27.1 - https:\/\/yoast.com\/product\/yoast-seo-wordpress\/ -->\n<title>SEB rahastas Panorama keskuse laienemist 20 miljoni euroga - Kapitel<\/title>\n<meta name=\"robots\" content=\"index, follow, max-snippet:-1, max-image-preview:large, max-video-preview:-1\" \/>\n<link rel=\"canonical\" href=\"https:\/\/kapitel.ee\/et\/seb-rahastas-panorama-keskuse-laienemist-20-miljoni-euroga\/\" \/>\n<meta property=\"og:locale\" content=\"et_EE\" \/>\n<meta property=\"og:type\" content=\"article\" \/>\n<meta property=\"og:title\" content=\"SEB rahastas Panorama keskuse laienemist 20 miljoni euroga - Kapitel\" \/>\n<meta property=\"og:description\" content=\"Kaubandus- ja vabaajakeskus Panorama ning SEB Pank on s\u00f5lminud t\u00e4iendava viieaastase finantseerimislepingu summas 20 miljonit eurot. Vahendeid kasutatakse Panorama mitut arendusprojekti h\u00f5lmavate plaanide elluviimiseks .\u00a0 T\u00e4iendav finantseerimine v\u00f5imaldab j\u00e4tkata Panorama ja keskusega k\u00fclgnevate kinnistute arendamist ning suunata investeeringuid ka k\u00fclastajakogemuse parandamisse ja kaubanduskeskuse pidevasse uuendamisse. Lepingu j\u00f5ustumisel ulatub SEB kogurahastus Panorama projektides 75 miljoni euroni.\u00a0&hellip; Continue reading SEB rahastas Panorama keskuse laienemist 20 miljoni euroga\" \/>\n<meta property=\"og:url\" content=\"https:\/\/kapitel.ee\/et\/seb-rahastas-panorama-keskuse-laienemist-20-miljoni-euroga\/\" \/>\n<meta property=\"og:site_name\" content=\"Kapitel\" \/>\n<meta property=\"article:published_time\" content=\"2026-01-19T09:20:40+00:00\" \/>\n<meta property=\"article:modified_time\" content=\"2026-01-20T09:23:19+00:00\" \/>\n<meta name=\"author\" content=\"Kristin Tammeoks\" \/>\n<meta name=\"twitter:card\" content=\"summary_large_image\" \/>\n<meta name=\"twitter:label1\" content=\"Written by\" \/>\n\t<meta name=\"twitter:data1\" content=\"Kristin Tammeoks\" \/>\n\t<meta name=\"twitter:label2\" content=\"Est. reading time\" \/>\n\t<meta name=\"twitter:data2\" content=\"2 minutit\" \/>\n<script type=\"application\/ld+json\" class=\"yoast-schema-graph\">{\"@context\":\"https:\/\/schema.org\",\"@graph\":[{\"@type\":\"Article\",\"@id\":\"https:\/\/kapitel.ee\/et\/seb-rahastas-panorama-keskuse-laienemist-20-miljoni-euroga\/#article\",\"isPartOf\":{\"@id\":\"https:\/\/kapitel.ee\/et\/seb-rahastas-panorama-keskuse-laienemist-20-miljoni-euroga\/\"},\"author\":{\"name\":\"Kristin Tammeoks\",\"@id\":\"https:\/\/kapitel.ee\/#\/schema\/person\/dde857844b13f4dbe5fb83d7e4825f58\"},\"headline\":\"SEB rahastas Panorama keskuse laienemist 20 miljoni euroga\",\"datePublished\":\"2026-01-19T09:20:40+00:00\",\"dateModified\":\"2026-01-20T09:23:19+00:00\",\"mainEntityOfPage\":{\"@id\":\"https:\/\/kapitel.ee\/et\/seb-rahastas-panorama-keskuse-laienemist-20-miljoni-euroga\/\"},\"wordCount\":325,\"publisher\":{\"@id\":\"https:\/\/kapitel.ee\/#organization\"},\"articleSection\":[\"Uncategorized @et\"],\"inLanguage\":\"et\"},{\"@type\":\"WebPage\",\"@id\":\"https:\/\/kapitel.ee\/et\/seb-rahastas-panorama-keskuse-laienemist-20-miljoni-euroga\/\",\"url\":\"https:\/\/kapitel.ee\/et\/seb-rahastas-panorama-keskuse-laienemist-20-miljoni-euroga\/\",\"name\":\"SEB rahastas Panorama keskuse laienemist 20 miljoni euroga - Kapitel\",\"isPartOf\":{\"@id\":\"https:\/\/kapitel.ee\/#website\"},\"datePublished\":\"2026-01-19T09:20:40+00:00\",\"dateModified\":\"2026-01-20T09:23:19+00:00\",\"breadcrumb\":{\"@id\":\"https:\/\/kapitel.ee\/et\/seb-rahastas-panorama-keskuse-laienemist-20-miljoni-euroga\/#breadcrumb\"},\"inLanguage\":\"et\",\"potentialAction\":[{\"@type\":\"ReadAction\",\"target\":[\"https:\/\/kapitel.ee\/et\/seb-rahastas-panorama-keskuse-laienemist-20-miljoni-euroga\/\"]}]},{\"@type\":\"BreadcrumbList\",\"@id\":\"https:\/\/kapitel.ee\/et\/seb-rahastas-panorama-keskuse-laienemist-20-miljoni-euroga\/#breadcrumb\",\"itemListElement\":[{\"@type\":\"ListItem\",\"position\":1,\"name\":\"Home\",\"item\":\"https:\/\/kapitel.ee\/et\/\"},{\"@type\":\"ListItem\",\"position\":2,\"name\":\"SEB rahastas Panorama keskuse laienemist 20 miljoni euroga\"}]},{\"@type\":\"WebSite\",\"@id\":\"https:\/\/kapitel.ee\/#website\",\"url\":\"https:\/\/kapitel.ee\/\",\"name\":\"Kapitel\",\"description\":\"\",\"publisher\":{\"@id\":\"https:\/\/kapitel.ee\/#organization\"},\"potentialAction\":[{\"@type\":\"SearchAction\",\"target\":{\"@type\":\"EntryPoint\",\"urlTemplate\":\"https:\/\/kapitel.ee\/?s={search_term_string}\"},\"query-input\":{\"@type\":\"PropertyValueSpecification\",\"valueRequired\":true,\"valueName\":\"search_term_string\"}}],\"inLanguage\":\"et\"},{\"@type\":\"Organization\",\"@id\":\"https:\/\/kapitel.ee\/#organization\",\"name\":\"Kapitel\",\"url\":\"https:\/\/kapitel.ee\/\",\"logo\":{\"@type\":\"ImageObject\",\"inLanguage\":\"et\",\"@id\":\"https:\/\/kapitel.ee\/#\/schema\/logo\/image\/\",\"url\":\"https:\/\/kapitel.ee\/wp-content\/uploads\/2025\/06\/logo.svg\",\"contentUrl\":\"https:\/\/kapitel.ee\/wp-content\/uploads\/2025\/06\/logo.svg\",\"caption\":\"Kapitel\"},\"image\":{\"@id\":\"https:\/\/kapitel.ee\/#\/schema\/logo\/image\/\"}},{\"@type\":\"Person\",\"@id\":\"https:\/\/kapitel.ee\/#\/schema\/person\/dde857844b13f4dbe5fb83d7e4825f58\",\"name\":\"Kristin Tammeoks\",\"url\":\"https:\/\/kapitel.ee\/et\/author\/kristint\/\"}]}<\/script>\n<!-- \/ Yoast SEO plugin. -->","yoast_head_json":{"title":"SEB rahastas Panorama keskuse laienemist 20 miljoni euroga - Kapitel","robots":{"index":"index","follow":"follow","max-snippet":"max-snippet:-1","max-image-preview":"max-image-preview:large","max-video-preview":"max-video-preview:-1"},"canonical":"https:\/\/kapitel.ee\/et\/seb-rahastas-panorama-keskuse-laienemist-20-miljoni-euroga\/","og_locale":"et_EE","og_type":"article","og_title":"SEB rahastas Panorama keskuse laienemist 20 miljoni euroga - Kapitel","og_description":"Kaubandus- ja vabaajakeskus Panorama ning SEB Pank on s\u00f5lminud t\u00e4iendava viieaastase finantseerimislepingu summas 20 miljonit eurot. Vahendeid kasutatakse Panorama mitut arendusprojekti h\u00f5lmavate plaanide elluviimiseks .\u00a0 T\u00e4iendav finantseerimine v\u00f5imaldab j\u00e4tkata Panorama ja keskusega k\u00fclgnevate kinnistute arendamist ning suunata investeeringuid ka k\u00fclastajakogemuse parandamisse ja kaubanduskeskuse pidevasse uuendamisse. Lepingu j\u00f5ustumisel ulatub SEB kogurahastus Panorama projektides 75 miljoni euroni.\u00a0&hellip; Continue reading SEB rahastas Panorama keskuse laienemist 20 miljoni euroga","og_url":"https:\/\/kapitel.ee\/et\/seb-rahastas-panorama-keskuse-laienemist-20-miljoni-euroga\/","og_site_name":"Kapitel","article_published_time":"2026-01-19T09:20:40+00:00","article_modified_time":"2026-01-20T09:23:19+00:00","author":"Kristin Tammeoks","twitter_card":"summary_large_image","twitter_misc":{"Written by":"Kristin Tammeoks","Est. reading time":"2 minutit"},"schema":{"@context":"https:\/\/schema.org","@graph":[{"@type":"Article","@id":"https:\/\/kapitel.ee\/et\/seb-rahastas-panorama-keskuse-laienemist-20-miljoni-euroga\/#article","isPartOf":{"@id":"https:\/\/kapitel.ee\/et\/seb-rahastas-panorama-keskuse-laienemist-20-miljoni-euroga\/"},"author":{"name":"Kristin Tammeoks","@id":"https:\/\/kapitel.ee\/#\/schema\/person\/dde857844b13f4dbe5fb83d7e4825f58"},"headline":"SEB rahastas Panorama keskuse laienemist 20 miljoni euroga","datePublished":"2026-01-19T09:20:40+00:00","dateModified":"2026-01-20T09:23:19+00:00","mainEntityOfPage":{"@id":"https:\/\/kapitel.ee\/et\/seb-rahastas-panorama-keskuse-laienemist-20-miljoni-euroga\/"},"wordCount":325,"publisher":{"@id":"https:\/\/kapitel.ee\/#organization"},"articleSection":["Uncategorized @et"],"inLanguage":"et"},{"@type":"WebPage","@id":"https:\/\/kapitel.ee\/et\/seb-rahastas-panorama-keskuse-laienemist-20-miljoni-euroga\/","url":"https:\/\/kapitel.ee\/et\/seb-rahastas-panorama-keskuse-laienemist-20-miljoni-euroga\/","name":"SEB rahastas Panorama keskuse laienemist 20 miljoni euroga - Kapitel","isPartOf":{"@id":"https:\/\/kapitel.ee\/#website"},"datePublished":"2026-01-19T09:20:40+00:00","dateModified":"2026-01-20T09:23:19+00:00","breadcrumb":{"@id":"https:\/\/kapitel.ee\/et\/seb-rahastas-panorama-keskuse-laienemist-20-miljoni-euroga\/#breadcrumb"},"inLanguage":"et","potentialAction":[{"@type":"ReadAction","target":["https:\/\/kapitel.ee\/et\/seb-rahastas-panorama-keskuse-laienemist-20-miljoni-euroga\/"]}]},{"@type":"BreadcrumbList","@id":"https:\/\/kapitel.ee\/et\/seb-rahastas-panorama-keskuse-laienemist-20-miljoni-euroga\/#breadcrumb","itemListElement":[{"@type":"ListItem","position":1,"name":"Home","item":"https:\/\/kapitel.ee\/et\/"},{"@type":"ListItem","position":2,"name":"SEB rahastas Panorama keskuse laienemist 20 miljoni euroga"}]},{"@type":"WebSite","@id":"https:\/\/kapitel.ee\/#website","url":"https:\/\/kapitel.ee\/","name":"Kapitel","description":"","publisher":{"@id":"https:\/\/kapitel.ee\/#organization"},"potentialAction":[{"@type":"SearchAction","target":{"@type":"EntryPoint","urlTemplate":"https:\/\/kapitel.ee\/?s={search_term_string}"},"query-input":{"@type":"PropertyValueSpecification","valueRequired":true,"valueName":"search_term_string"}}],"inLanguage":"et"},{"@type":"Organization","@id":"https:\/\/kapitel.ee\/#organization","name":"Kapitel","url":"https:\/\/kapitel.ee\/","logo":{"@type":"ImageObject","inLanguage":"et","@id":"https:\/\/kapitel.ee\/#\/schema\/logo\/image\/","url":"https:\/\/kapitel.ee\/wp-content\/uploads\/2025\/06\/logo.svg","contentUrl":"https:\/\/kapitel.ee\/wp-content\/uploads\/2025\/06\/logo.svg","caption":"Kapitel"},"image":{"@id":"https:\/\/kapitel.ee\/#\/schema\/logo\/image\/"}},{"@type":"Person","@id":"https:\/\/kapitel.ee\/#\/schema\/person\/dde857844b13f4dbe5fb83d7e4825f58","name":"Kristin Tammeoks","url":"https:\/\/kapitel.ee\/et\/author\/kristint\/"}]}},"_links":{"self":[{"href":"https:\/\/kapitel.ee\/et\/wp-json\/wp\/v2\/posts\/3185","targetHints":{"allow":["GET"]}}],"collection":[{"href":"https:\/\/kapitel.ee\/et\/wp-json\/wp\/v2\/posts"}],"about":[{"href":"https:\/\/kapitel.ee\/et\/wp-json\/wp\/v2\/types\/post"}],"author":[{"embeddable":true,"href":"https:\/\/kapitel.ee\/et\/wp-json\/wp\/v2\/users\/3"}],"replies":[{"embeddable":true,"href":"https:\/\/kapitel.ee\/et\/wp-json\/wp\/v2\/comments?post=3185"}],"version-history":[{"count":2,"href":"https:\/\/kapitel.ee\/et\/wp-json\/wp\/v2\/posts\/3185\/revisions"}],"predecessor-version":[{"id":3187,"href":"https:\/\/kapitel.ee\/et\/wp-json\/wp\/v2\/posts\/3185\/revisions\/3187"}],"wp:attachment":[{"href":"https:\/\/kapitel.ee\/et\/wp-json\/wp\/v2\/media?parent=3185"}],"wp:term":[{"taxonomy":"category","embeddable":true,"href":"https:\/\/kapitel.ee\/et\/wp-json\/wp\/v2\/categories?post=3185"},{"taxonomy":"post_tag","embeddable":true,"href":"https:\/\/kapitel.ee\/et\/wp-json\/wp\/v2\/tags?post=3185"}],"curies":[{"name":"wp","href":"https:\/\/api.w.org\/{rel}","templated":true}]}}