{"id":822,"date":"2023-12-08T11:08:00","date_gmt":"2023-12-08T09:08:00","guid":{"rendered":"https:\/\/pre.cdev.ee\/kapitel\/kapitel-ostab-koos-kaasinvestoritega-viru-keskuse\/"},"modified":"2025-06-23T09:08:44","modified_gmt":"2025-06-23T06:08:44","slug":"kapitel-ostab-koos-kaasinvestoritega-viru-keskuse","status":"publish","type":"post","link":"https:\/\/kapitel.ee\/et\/kapitel-ostab-koos-kaasinvestoritega-viru-keskuse\/","title":{"rendered":"Kapitel ostab koos kaasinvestoriga Viru Keskuse"},"content":{"rendered":"<p style=\"font-weight: 400;\"><strong>V\u00e4rskelt uuendatud Viru Keskuse 72%-lise osaluse ostavad Pontos Groupilt t\u00e4na 28%-list osalust omav Kapitel koos Tristafaniga. T\u00e4na allkirjastatud tehing j\u00f5ustub l\u00e4hikuudel <\/strong><strong>s\u00f5ltuvalt kokkulepitud eeltingimuste t\u00e4itmisest, sealhulgas <\/strong><strong>Konkurentsiameti loa v\u00e4ljastamisest. Tehingu hinda osapooled ei avalda.<\/strong><\/p>\n<p style=\"font-weight: 400;\">\u201eOleme arendanud Viru Keskust koost\u00f6\u00f6s Pontosega alates selle avamisest 2004. aastal. Nendelt enamusosaluse ostmine on meie jaoks loogiline samm. J\u00e4tkame keskuse arendamist koost\u00f6\u00f6s oma pikaajalise partneri Tristafaniga. Viru Keskuse professionaalne meeskond j\u00e4tkab t\u00e4nases koosseisus tegevjuht Gertti Kogermanni juhtimisel,\u201c \u00fctles Kapiteli juhatuse esimees ning Viru Keskuse n\u00f5ukogu liige <strong>Taavi Ojala. <\/strong>\u201eT\u00e4navu mais valminud mitmeaastase renoveerimisprojekti tulemusel uuenes 86 kauplust ja kokku 90% keskuse pindadest. Viru Keskus investeeris uuendusprojekti \u00fcle 20 miljoni euro ning keskuse \u00fc\u00fcrnikud oma kaupluste renoveerimisse t\u00e4iendavad 15 miljonit eurot. L\u00e4hiajal on plaanis samaaegselt uue trammitee ehituse ning teede-t\u00e4navate remondiga uuendada ka keskuse \u00fcmbrust.\u201d<\/p>\n<p style=\"font-weight: 400;\">\u201eViru Keskus pakub peale oma ajaloo suurimat uuenemist k\u00fclastajale kaasaegset ostukogemust k\u00f5ige laiemas m\u00f5ttes. Oleme saanud seda teostada t\u00e4nu keskuse tulevikku vaatavatele ja toetavatele aktsion\u00e4ridele. Omandisuhte muutus ei m\u00f5juta keskuse \u00fc\u00fcrnikke ega kliente,\u201c \u00fctles Viru Keskuse juht <strong>Gertti Kogermann.<\/strong><\/p>\n<p style=\"font-weight: 400;\">32 000 m\u00b2 suuruse kogupinnaga ning 29 500 m\u00b2 suuruse \u00fc\u00fcripinnaga Viru Keskust k\u00fclastas 2022. aastal 13,1 miljonit inimest, keskuse \u00fc\u00fcrnike k\u00e4ive oli 128 miljonit eurot. Viru Keskusel on Baltimaade ainsa kaubanduskeskusena j\u00e4tkusuutlikkuse tunnustuse LEED plaatinumsertifikaat olemasoleva ehitise opereerimise ja haldamise eest (Operations &amp; Maintenance O&amp;M).<\/p>\n<p style=\"font-weight: 400;\"><em>Kapitel<\/em><em> on Baltimaade suurimaid kinnisvaraettev\u00f5tteid, mille portfellis on \u00fcle 270 000 m\u00b2 \u00fc\u00fcritavat pinda. Ettev\u00f5te omab osalust neljas ostukeskuses (Spice ja Spice Home Riias, Panorama Vilniuses, Viru Keskus Tallinnas) ning viit b\u00fcroohoonet (Delta Plaza ja S\u00f5pruse \u00c4rimaja Tallinnas, Elemental Business Centre Riias, Narbuto 5 Vilniuses ja I.P. Pavlova 5 Prahas). Ettev\u00f5ttele kuulub Nordic Hotel Forum (opereerib O\u00dc Nordic Hotels) ning koos AS-iga Infortar Tallink City Hotel, mida opereerib Tallink Hotels. Lisaks omab ettev\u00f5te osalust Kapitel Logistics O\u00dc-s, millele kuulub kaks logistikakeskust Tallinna ringteel. Kapitelil on ehituses Arter kvartal Tallinnas. Lisainfo: <\/em><a href=\"http:\/\/www.kapitel.ee\/\"><em>www.kapitel.ee<\/em><\/a><em>. <\/em><\/p>\n<p style=\"font-weight: 400;\"><em>Tristafan O\u00dc <\/em><em>on 100% Eesti kapitalil po\u0303hinev valdusettevo\u0303te. Tristafan OU\u0308 konsolideerimisgruppi kuulub kuus tu\u0308tarettevo\u0303tet ja kaheksa sidusettevo\u0303tet Eestis, La\u0308tis ja Leedus. Grupi ettevo\u0303tete peamisteks tegevusvaldkondadeks on kinnisvara va\u0308ljau\u0308u\u0308rimine ja -arendus, ehitusseadmete mu\u0308u\u0308k ja tehniline teenindamine ning po\u0303llumajandus.\u00a0<\/em><\/p>\n","protected":false},"excerpt":{"rendered":"<p>V\u00e4rskelt uuendatud Viru Keskuse 72%-lise osaluse ostavad Pontos Groupilt t\u00e4na 28%-list osalust omav Kapitel koos Tristafaniga. T\u00e4na allkirjastatud tehing j\u00f5ustub l\u00e4hikuudel s\u00f5ltuvalt kokkulepitud eeltingimuste t\u00e4itmisest, sealhulgas Konkurentsiameti loa v\u00e4ljastamisest. Tehingu hinda osapooled ei avalda. \u201eOleme arendanud Viru Keskust koost\u00f6\u00f6s Pontosega alates selle avamisest 2004. aastal. Nendelt enamusosaluse ostmine on meie jaoks loogiline samm. J\u00e4tkame keskuse&hellip; <a class=\"more-link\" href=\"https:\/\/kapitel.ee\/et\/kapitel-ostab-koos-kaasinvestoritega-viru-keskuse\/\">Continue reading <span class=\"screen-reader-text\">Kapitel ostab koos kaasinvestoriga Viru Keskuse<\/span><\/a><\/p>\n","protected":false},"author":1,"featured_media":0,"comment_status":"closed","ping_status":"closed","sticky":false,"template":"","format":"standard","meta":{"_acf_changed":false,"footnotes":""},"categories":[19],"tags":[],"class_list":["post-822","post","type-post","status-publish","format-standard","hentry","category-uudised","entry"],"acf":[],"yoast_head":"<!-- This site is optimized with the Yoast SEO plugin v27.1 - https:\/\/yoast.com\/product\/yoast-seo-wordpress\/ -->\n<title>Kapitel ostab koos kaasinvestoriga Viru Keskuse - Kapitel<\/title>\n<meta name=\"robots\" content=\"index, follow, max-snippet:-1, max-image-preview:large, max-video-preview:-1\" \/>\n<link rel=\"canonical\" href=\"https:\/\/kapitel.ee\/et\/kapitel-ostab-koos-kaasinvestoritega-viru-keskuse\/\" \/>\n<meta property=\"og:locale\" content=\"et_EE\" \/>\n<meta property=\"og:type\" content=\"article\" \/>\n<meta property=\"og:title\" content=\"Kapitel ostab koos kaasinvestoriga Viru Keskuse - Kapitel\" \/>\n<meta property=\"og:description\" content=\"V\u00e4rskelt uuendatud Viru Keskuse 72%-lise osaluse ostavad Pontos Groupilt t\u00e4na 28%-list osalust omav Kapitel koos Tristafaniga. T\u00e4na allkirjastatud tehing j\u00f5ustub l\u00e4hikuudel s\u00f5ltuvalt kokkulepitud eeltingimuste t\u00e4itmisest, sealhulgas Konkurentsiameti loa v\u00e4ljastamisest. Tehingu hinda osapooled ei avalda. \u201eOleme arendanud Viru Keskust koost\u00f6\u00f6s Pontosega alates selle avamisest 2004. aastal. Nendelt enamusosaluse ostmine on meie jaoks loogiline samm. J\u00e4tkame keskuse&hellip; Continue reading Kapitel ostab koos kaasinvestoriga Viru Keskuse\" \/>\n<meta property=\"og:url\" content=\"https:\/\/kapitel.ee\/et\/kapitel-ostab-koos-kaasinvestoritega-viru-keskuse\/\" \/>\n<meta property=\"og:site_name\" content=\"Kapitel\" \/>\n<meta property=\"article:published_time\" content=\"2023-12-08T09:08:00+00:00\" \/>\n<meta property=\"article:modified_time\" content=\"2025-06-23T06:08:44+00:00\" \/>\n<meta name=\"author\" content=\"generaladmin2\" \/>\n<meta name=\"twitter:card\" content=\"summary_large_image\" \/>\n<meta name=\"twitter:label1\" content=\"Written by\" \/>\n\t<meta name=\"twitter:data1\" content=\"generaladmin2\" \/>\n\t<meta name=\"twitter:label2\" content=\"Est. reading time\" \/>\n\t<meta name=\"twitter:data2\" content=\"2 minutit\" \/>\n<script type=\"application\/ld+json\" class=\"yoast-schema-graph\">{\"@context\":\"https:\/\/schema.org\",\"@graph\":[{\"@type\":\"Article\",\"@id\":\"https:\/\/kapitel.ee\/et\/kapitel-ostab-koos-kaasinvestoritega-viru-keskuse\/#article\",\"isPartOf\":{\"@id\":\"https:\/\/kapitel.ee\/et\/kapitel-ostab-koos-kaasinvestoritega-viru-keskuse\/\"},\"author\":{\"name\":\"generaladmin2\",\"@id\":\"https:\/\/kapitel.ee\/#\/schema\/person\/bdc5320aa6f32216069898a06b76f1e3\"},\"headline\":\"Kapitel ostab koos kaasinvestoriga Viru Keskuse\",\"datePublished\":\"2023-12-08T09:08:00+00:00\",\"dateModified\":\"2025-06-23T06:08:44+00:00\",\"mainEntityOfPage\":{\"@id\":\"https:\/\/kapitel.ee\/et\/kapitel-ostab-koos-kaasinvestoritega-viru-keskuse\/\"},\"wordCount\":383,\"publisher\":{\"@id\":\"https:\/\/kapitel.ee\/#organization\"},\"articleSection\":[\"Uudised\"],\"inLanguage\":\"et\"},{\"@type\":\"WebPage\",\"@id\":\"https:\/\/kapitel.ee\/et\/kapitel-ostab-koos-kaasinvestoritega-viru-keskuse\/\",\"url\":\"https:\/\/kapitel.ee\/et\/kapitel-ostab-koos-kaasinvestoritega-viru-keskuse\/\",\"name\":\"Kapitel ostab koos kaasinvestoriga Viru Keskuse - Kapitel\",\"isPartOf\":{\"@id\":\"https:\/\/kapitel.ee\/#website\"},\"datePublished\":\"2023-12-08T09:08:00+00:00\",\"dateModified\":\"2025-06-23T06:08:44+00:00\",\"breadcrumb\":{\"@id\":\"https:\/\/kapitel.ee\/et\/kapitel-ostab-koos-kaasinvestoritega-viru-keskuse\/#breadcrumb\"},\"inLanguage\":\"et\",\"potentialAction\":[{\"@type\":\"ReadAction\",\"target\":[\"https:\/\/kapitel.ee\/et\/kapitel-ostab-koos-kaasinvestoritega-viru-keskuse\/\"]}]},{\"@type\":\"BreadcrumbList\",\"@id\":\"https:\/\/kapitel.ee\/et\/kapitel-ostab-koos-kaasinvestoritega-viru-keskuse\/#breadcrumb\",\"itemListElement\":[{\"@type\":\"ListItem\",\"position\":1,\"name\":\"Home\",\"item\":\"https:\/\/kapitel.ee\/et\/\"},{\"@type\":\"ListItem\",\"position\":2,\"name\":\"Kapitel ostab koos kaasinvestoriga Viru Keskuse\"}]},{\"@type\":\"WebSite\",\"@id\":\"https:\/\/kapitel.ee\/#website\",\"url\":\"https:\/\/kapitel.ee\/\",\"name\":\"Kapitel\",\"description\":\"\",\"publisher\":{\"@id\":\"https:\/\/kapitel.ee\/#organization\"},\"potentialAction\":[{\"@type\":\"SearchAction\",\"target\":{\"@type\":\"EntryPoint\",\"urlTemplate\":\"https:\/\/kapitel.ee\/?s={search_term_string}\"},\"query-input\":{\"@type\":\"PropertyValueSpecification\",\"valueRequired\":true,\"valueName\":\"search_term_string\"}}],\"inLanguage\":\"et\"},{\"@type\":\"Organization\",\"@id\":\"https:\/\/kapitel.ee\/#organization\",\"name\":\"Kapitel\",\"url\":\"https:\/\/kapitel.ee\/\",\"logo\":{\"@type\":\"ImageObject\",\"inLanguage\":\"et\",\"@id\":\"https:\/\/kapitel.ee\/#\/schema\/logo\/image\/\",\"url\":\"https:\/\/kapitel.ee\/wp-content\/uploads\/2025\/06\/logo.svg\",\"contentUrl\":\"https:\/\/kapitel.ee\/wp-content\/uploads\/2025\/06\/logo.svg\",\"caption\":\"Kapitel\"},\"image\":{\"@id\":\"https:\/\/kapitel.ee\/#\/schema\/logo\/image\/\"}},{\"@type\":\"Person\",\"@id\":\"https:\/\/kapitel.ee\/#\/schema\/person\/bdc5320aa6f32216069898a06b76f1e3\",\"name\":\"generaladmin2\",\"sameAs\":[\"https:\/\/kapitel.ee\"],\"url\":\"https:\/\/kapitel.ee\/et\/author\/generaladmin2\/\"}]}<\/script>\n<!-- \/ Yoast SEO plugin. -->","yoast_head_json":{"title":"Kapitel ostab koos kaasinvestoriga Viru Keskuse - Kapitel","robots":{"index":"index","follow":"follow","max-snippet":"max-snippet:-1","max-image-preview":"max-image-preview:large","max-video-preview":"max-video-preview:-1"},"canonical":"https:\/\/kapitel.ee\/et\/kapitel-ostab-koos-kaasinvestoritega-viru-keskuse\/","og_locale":"et_EE","og_type":"article","og_title":"Kapitel ostab koos kaasinvestoriga Viru Keskuse - Kapitel","og_description":"V\u00e4rskelt uuendatud Viru Keskuse 72%-lise osaluse ostavad Pontos Groupilt t\u00e4na 28%-list osalust omav Kapitel koos Tristafaniga. T\u00e4na allkirjastatud tehing j\u00f5ustub l\u00e4hikuudel s\u00f5ltuvalt kokkulepitud eeltingimuste t\u00e4itmisest, sealhulgas Konkurentsiameti loa v\u00e4ljastamisest. Tehingu hinda osapooled ei avalda. \u201eOleme arendanud Viru Keskust koost\u00f6\u00f6s Pontosega alates selle avamisest 2004. aastal. Nendelt enamusosaluse ostmine on meie jaoks loogiline samm. J\u00e4tkame keskuse&hellip; Continue reading Kapitel ostab koos kaasinvestoriga Viru Keskuse","og_url":"https:\/\/kapitel.ee\/et\/kapitel-ostab-koos-kaasinvestoritega-viru-keskuse\/","og_site_name":"Kapitel","article_published_time":"2023-12-08T09:08:00+00:00","article_modified_time":"2025-06-23T06:08:44+00:00","author":"generaladmin2","twitter_card":"summary_large_image","twitter_misc":{"Written by":"generaladmin2","Est. reading time":"2 minutit"},"schema":{"@context":"https:\/\/schema.org","@graph":[{"@type":"Article","@id":"https:\/\/kapitel.ee\/et\/kapitel-ostab-koos-kaasinvestoritega-viru-keskuse\/#article","isPartOf":{"@id":"https:\/\/kapitel.ee\/et\/kapitel-ostab-koos-kaasinvestoritega-viru-keskuse\/"},"author":{"name":"generaladmin2","@id":"https:\/\/kapitel.ee\/#\/schema\/person\/bdc5320aa6f32216069898a06b76f1e3"},"headline":"Kapitel ostab koos kaasinvestoriga Viru Keskuse","datePublished":"2023-12-08T09:08:00+00:00","dateModified":"2025-06-23T06:08:44+00:00","mainEntityOfPage":{"@id":"https:\/\/kapitel.ee\/et\/kapitel-ostab-koos-kaasinvestoritega-viru-keskuse\/"},"wordCount":383,"publisher":{"@id":"https:\/\/kapitel.ee\/#organization"},"articleSection":["Uudised"],"inLanguage":"et"},{"@type":"WebPage","@id":"https:\/\/kapitel.ee\/et\/kapitel-ostab-koos-kaasinvestoritega-viru-keskuse\/","url":"https:\/\/kapitel.ee\/et\/kapitel-ostab-koos-kaasinvestoritega-viru-keskuse\/","name":"Kapitel ostab koos kaasinvestoriga Viru Keskuse - Kapitel","isPartOf":{"@id":"https:\/\/kapitel.ee\/#website"},"datePublished":"2023-12-08T09:08:00+00:00","dateModified":"2025-06-23T06:08:44+00:00","breadcrumb":{"@id":"https:\/\/kapitel.ee\/et\/kapitel-ostab-koos-kaasinvestoritega-viru-keskuse\/#breadcrumb"},"inLanguage":"et","potentialAction":[{"@type":"ReadAction","target":["https:\/\/kapitel.ee\/et\/kapitel-ostab-koos-kaasinvestoritega-viru-keskuse\/"]}]},{"@type":"BreadcrumbList","@id":"https:\/\/kapitel.ee\/et\/kapitel-ostab-koos-kaasinvestoritega-viru-keskuse\/#breadcrumb","itemListElement":[{"@type":"ListItem","position":1,"name":"Home","item":"https:\/\/kapitel.ee\/et\/"},{"@type":"ListItem","position":2,"name":"Kapitel ostab koos kaasinvestoriga Viru Keskuse"}]},{"@type":"WebSite","@id":"https:\/\/kapitel.ee\/#website","url":"https:\/\/kapitel.ee\/","name":"Kapitel","description":"","publisher":{"@id":"https:\/\/kapitel.ee\/#organization"},"potentialAction":[{"@type":"SearchAction","target":{"@type":"EntryPoint","urlTemplate":"https:\/\/kapitel.ee\/?s={search_term_string}"},"query-input":{"@type":"PropertyValueSpecification","valueRequired":true,"valueName":"search_term_string"}}],"inLanguage":"et"},{"@type":"Organization","@id":"https:\/\/kapitel.ee\/#organization","name":"Kapitel","url":"https:\/\/kapitel.ee\/","logo":{"@type":"ImageObject","inLanguage":"et","@id":"https:\/\/kapitel.ee\/#\/schema\/logo\/image\/","url":"https:\/\/kapitel.ee\/wp-content\/uploads\/2025\/06\/logo.svg","contentUrl":"https:\/\/kapitel.ee\/wp-content\/uploads\/2025\/06\/logo.svg","caption":"Kapitel"},"image":{"@id":"https:\/\/kapitel.ee\/#\/schema\/logo\/image\/"}},{"@type":"Person","@id":"https:\/\/kapitel.ee\/#\/schema\/person\/bdc5320aa6f32216069898a06b76f1e3","name":"generaladmin2","sameAs":["https:\/\/kapitel.ee"],"url":"https:\/\/kapitel.ee\/et\/author\/generaladmin2\/"}]}},"_links":{"self":[{"href":"https:\/\/kapitel.ee\/et\/wp-json\/wp\/v2\/posts\/822","targetHints":{"allow":["GET"]}}],"collection":[{"href":"https:\/\/kapitel.ee\/et\/wp-json\/wp\/v2\/posts"}],"about":[{"href":"https:\/\/kapitel.ee\/et\/wp-json\/wp\/v2\/types\/post"}],"author":[{"embeddable":true,"href":"https:\/\/kapitel.ee\/et\/wp-json\/wp\/v2\/users\/1"}],"replies":[{"embeddable":true,"href":"https:\/\/kapitel.ee\/et\/wp-json\/wp\/v2\/comments?post=822"}],"version-history":[{"count":1,"href":"https:\/\/kapitel.ee\/et\/wp-json\/wp\/v2\/posts\/822\/revisions"}],"predecessor-version":[{"id":823,"href":"https:\/\/kapitel.ee\/et\/wp-json\/wp\/v2\/posts\/822\/revisions\/823"}],"wp:attachment":[{"href":"https:\/\/kapitel.ee\/et\/wp-json\/wp\/v2\/media?parent=822"}],"wp:term":[{"taxonomy":"category","embeddable":true,"href":"https:\/\/kapitel.ee\/et\/wp-json\/wp\/v2\/categories?post=822"},{"taxonomy":"post_tag","embeddable":true,"href":"https:\/\/kapitel.ee\/et\/wp-json\/wp\/v2\/tags?post=822"}],"curies":[{"name":"wp","href":"https:\/\/api.w.org\/{rel}","templated":true}]}}